{"id":3596,"date":"2023-06-06T09:49:11","date_gmt":"2023-06-06T12:49:11","guid":{"rendered":"https:\/\/newexpo.com.br\/?p=3596"},"modified":"2023-06-06T10:06:50","modified_gmt":"2023-06-06T13:06:50","slug":"dia-nacional-do-profissional-de-logistica","status":"publish","type":"post","link":"https:\/\/newexpo.com.br\/en\/dia-nacional-do-profissional-de-logistica\/","title":{"rendered":"Dia Nacional do Profissional de Log\u00edstica"},"content":{"rendered":"<p>Hoje celebramos e homenageamos os profissionais de log\u00edstica, fundamentais para manter mundo em movimento. Parab\u00e9ns a todos voc\u00eas que conectam o mundo!<\/p>\n<p>Expressamos nossa gratid\u00e3o a esses profissionais que conseguem lidar com todos os desafios e complexidade das opera\u00e7\u00f5es garantindo que as cargas cheguem do ponto A ao ponto B.<\/p>\n<p>Em especial ao time da New Expo, que, acima de tudo, s\u00e3o pessoas incr\u00edveis que acreditam no nosso sonho e colocam em pr\u00e1tica o nosso objetivo de apresentar solu\u00e7\u00f5es para quest\u00f5es log\u00edsticas complexas, buscando sempre otimizar processos, reduzir custos e maximizar a efici\u00eancia.<\/p>\n<p>Nossos dias nos escrit\u00f3rios incluem BLs, AWBs, Invoices, Packing Lists, Conhecimentos de transporte, Manifesto de Carga e muito mais, onde lidamos com desafios di\u00e1rios, gerenciando, negociando contratos e garantindo prazos.<\/p>\n<p>Nosso sucesso \u00e9 a satisfa\u00e7\u00e3o e tranquilidade dos nossos clientes.<\/p>\n<p>Vamos celebrar e reconhecer esses her\u00f3is da cadeia de suprimentos neste Dia Nacional do Profissional de Log\u00edstica!<\/p>\n<p><em><strong>Curiosidade:<\/strong> Voc\u00ea sabia que a log\u00edstica tem suas origens nas opera\u00e7\u00f5es militares? Ela era utilizada para garantir o suprimento de tropas e o transporte estrat\u00e9gico de recursos durante as guerras. Hoje, a log\u00edstica se expandiu para todas as \u00e1reas da sociedade e desempenha um papel crucial no com\u00e9rcio global.<\/em><\/p>\n<p>#DiadoProfissionaldeLog\u00edstica #Log\u00edstica #CadeiadeSuprimentos #Reconhecimento #Gratid\u00e3o<\/p>","protected":false},"excerpt":{"rendered":"<p>Hoje celebramos e homenageamos os profissionais de log\u00edstica, fundamentais para manter mundo em movimento. Parab\u00e9ns a todos voc\u00eas que conectam o mundo! Expressamos nossa gratid\u00e3o a esses profissionais que conseguem lidar com todos os desafios e complexidade das opera\u00e7\u00f5es garantindo que as cargas cheguem do ponto A ao ponto B. Em especial ao time da [&hellip;]<\/p>\n","protected":false},"author":1,"featured_media":3602,"comment_status":"open","ping_status":"open","sticky":false,"template":"","format":"standard","meta":{"footnotes":""},"categories":[11],"tags":[30,33,31,32,17,14,12,19,34,21],"class_list":["post-3596","post","type-post","status-publish","format-standard","has-post-thumbnail","hentry","category-logistica","tag-dia-nacional-do-profissional-de-logistica","tag-eventos","tag-feiras","tag-feiras-de-negocios","tag-logistica","tag-logistica-para-feiras-e-eventos","tag-logistica-sustentavel","tag-new-expo","tag-shows","tag-transitario"],"_links":{"self":[{"href":"https:\/\/newexpo.com.br\/en\/wp-json\/wp\/v2\/posts\/3596","targetHints":{"allow":["GET"]}}],"collection":[{"href":"https:\/\/newexpo.com.br\/en\/wp-json\/wp\/v2\/posts"}],"about":[{"href":"https:\/\/newexpo.com.br\/en\/wp-json\/wp\/v2\/types\/post"}],"author":[{"embeddable":true,"href":"https:\/\/newexpo.com.br\/en\/wp-json\/wp\/v2\/users\/1"}],"replies":[{"embeddable":true,"href":"https:\/\/newexpo.com.br\/en\/wp-json\/wp\/v2\/comments?post=3596"}],"version-history":[{"count":0,"href":"https:\/\/newexpo.com.br\/en\/wp-json\/wp\/v2\/posts\/3596\/revisions"}],"wp:featuredmedia":[{"embeddable":true,"href":"https:\/\/newexpo.com.br\/en\/wp-json\/wp\/v2\/media\/3602"}],"wp:attachment":[{"href":"https:\/\/newexpo.com.br\/en\/wp-json\/wp\/v2\/media?parent=3596"}],"wp:term":[{"taxonomy":"category","embeddable":true,"href":"https:\/\/newexpo.com.br\/en\/wp-json\/wp\/v2\/categories?post=3596"},{"taxonomy":"post_tag","embeddable":true,"href":"https:\/\/newexpo.com.br\/en\/wp-json\/wp\/v2\/tags?post=3596"}],"curies":[{"name":"wp","href":"https:\/\/api.w.org\/{rel}","templated":true}]}}